{"id":1124,"date":"2022-11-01T20:51:06","date_gmt":"2022-11-01T19:51:06","guid":{"rendered":"https:\/\/glimton.se\/?p=1124"},"modified":"2023-03-08T19:37:10","modified_gmt":"2023-03-08T18:37:10","slug":"inred-med-fargen-svart","status":"publish","type":"post","link":"https:\/\/glimton.se\/index.php\/2022\/11\/01\/inred-med-fargen-svart\/","title":{"rendered":"Inred med f\u00e4rgen svart"},"content":{"rendered":"\n<figure class=\"wp-block-image size-full\"><img loading=\"lazy\" width=\"720\" height=\"722\" src=\"https:\/\/glimton.se\/wp-content\/uploads\/2022\/11\/313487434_1449311458924223_2605496403370195490_n-2.jpeg\" alt=\"\" class=\"wp-image-1125\" srcset=\"https:\/\/glimton.se\/wp-content\/uploads\/2022\/11\/313487434_1449311458924223_2605496403370195490_n-2.jpeg 720w, https:\/\/glimton.se\/wp-content\/uploads\/2022\/11\/313487434_1449311458924223_2605496403370195490_n-2-250x250.jpeg 250w, https:\/\/glimton.se\/wp-content\/uploads\/2022\/11\/313487434_1449311458924223_2605496403370195490_n-2-100x100.jpeg 100w, https:\/\/glimton.se\/wp-content\/uploads\/2022\/11\/313487434_1449311458924223_2605496403370195490_n-2-350x351.jpeg 350w, https:\/\/glimton.se\/wp-content\/uploads\/2022\/11\/313487434_1449311458924223_2605496403370195490_n-2-300x300.jpeg 300w, https:\/\/glimton.se\/wp-content\/uploads\/2022\/11\/313487434_1449311458924223_2605496403370195490_n-2-150x150.jpeg 150w\" sizes=\"(max-width: 720px) 100vw, 720px\" \/><\/figure>\n\n\n\n<p>Svart f\u00e4rg beh\u00f6ver finnas i varje rum. Den svarta f\u00e4rgen \u00e4r n\u00f6dv\u00e4ndig i varje interi\u00f6r.\u00a0Den hj\u00e4lper till att f\u00f6rst\u00e4rka former och f\u00e4rger som den omges av.\u00a0Oavsett vilken inredningsstil du har s\u00e5 kan du alltid l\u00e4gga till n\u00e5got som \u00e4r svart.<\/p>\n\n\n\n<figure class=\"wp-block-image size-full\"><img loading=\"lazy\" width=\"720\" height=\"722\" src=\"https:\/\/glimton.se\/wp-content\/uploads\/2022\/11\/313796695_1126006688049000_8947641378177393480_n.jpeg\" alt=\"\" class=\"wp-image-1126\" srcset=\"https:\/\/glimton.se\/wp-content\/uploads\/2022\/11\/313796695_1126006688049000_8947641378177393480_n.jpeg 720w, https:\/\/glimton.se\/wp-content\/uploads\/2022\/11\/313796695_1126006688049000_8947641378177393480_n-250x250.jpeg 250w, https:\/\/glimton.se\/wp-content\/uploads\/2022\/11\/313796695_1126006688049000_8947641378177393480_n-100x100.jpeg 100w, https:\/\/glimton.se\/wp-content\/uploads\/2022\/11\/313796695_1126006688049000_8947641378177393480_n-350x351.jpeg 350w, https:\/\/glimton.se\/wp-content\/uploads\/2022\/11\/313796695_1126006688049000_8947641378177393480_n-300x300.jpeg 300w, https:\/\/glimton.se\/wp-content\/uploads\/2022\/11\/313796695_1126006688049000_8947641378177393480_n-150x150.jpeg 150w\" sizes=\"(max-width: 720px) 100vw, 720px\" \/><\/figure>\n\n\n\n<p>Det finns risk att f\u00e4rger flyter ihop om man bara anv\u00e4nder sig utav ljusa f\u00e4rger. Det blir vackra kontraster om man l\u00e4gger till f\u00f6rem\u00e5l som har svart f\u00e4rg. <\/p>\n","protected":false},"excerpt":{"rendered":"<p>Svart f\u00e4rg beh\u00f6ver finnas i varje rum. Den svarta f\u00e4rgen \u00e4r n\u00f6dv\u00e4ndig i varje interi\u00f6r.\u00a0Den hj\u00e4lper till att f\u00f6rst\u00e4rka former och f\u00e4rger som den omges av.\u00a0Oavsett vilken inredningsstil du har s\u00e5 kan du alltid l\u00e4gga till n\u00e5got som \u00e4r svart. Det finns risk att f\u00e4rger flyter ihop om man bara anv\u00e4nder sig utav ljusa f\u00e4rger. &hellip; <\/p>\n<p class=\"link-more\"><a href=\"https:\/\/glimton.se\/index.php\/2022\/11\/01\/inred-med-fargen-svart\/\" class=\"more-link\">Forts\u00e4tt l\u00e4sa<span class=\"screen-reader-text\"> &#8221;Inred med f\u00e4rgen svart&#8221;<\/span><\/a><\/p>\n","protected":false},"author":1,"featured_media":0,"comment_status":"open","ping_status":"open","sticky":false,"template":"","format":"standard","meta":[],"categories":[27],"tags":[],"_links":{"self":[{"href":"https:\/\/glimton.se\/index.php\/wp-json\/wp\/v2\/posts\/1124"}],"collection":[{"href":"https:\/\/glimton.se\/index.php\/wp-json\/wp\/v2\/posts"}],"about":[{"href":"https:\/\/glimton.se\/index.php\/wp-json\/wp\/v2\/types\/post"}],"author":[{"embeddable":true,"href":"https:\/\/glimton.se\/index.php\/wp-json\/wp\/v2\/users\/1"}],"replies":[{"embeddable":true,"href":"https:\/\/glimton.se\/index.php\/wp-json\/wp\/v2\/comments?post=1124"}],"version-history":[{"count":2,"href":"https:\/\/glimton.se\/index.php\/wp-json\/wp\/v2\/posts\/1124\/revisions"}],"predecessor-version":[{"id":1128,"href":"https:\/\/glimton.se\/index.php\/wp-json\/wp\/v2\/posts\/1124\/revisions\/1128"}],"wp:attachment":[{"href":"https:\/\/glimton.se\/index.php\/wp-json\/wp\/v2\/media?parent=1124"}],"wp:term":[{"taxonomy":"category","embeddable":true,"href":"https:\/\/glimton.se\/index.php\/wp-json\/wp\/v2\/categories?post=1124"},{"taxonomy":"post_tag","embeddable":true,"href":"https:\/\/glimton.se\/index.php\/wp-json\/wp\/v2\/tags?post=1124"}],"curies":[{"name":"wp","href":"https:\/\/api.w.org\/{rel}","templated":true}]}}